{"id":3550,"date":"2025-05-09T16:02:10","date_gmt":"2025-05-09T16:02:10","guid":{"rendered":"https:\/\/blog.colorpix.shop\/?p=3550"},"modified":"2025-05-09T16:16:42","modified_gmt":"2025-05-09T16:16:42","slug":"franck-fouquet","status":"publish","type":"post","link":"https:\/\/blog.colorpix.shop\/?p=3550","title":{"rendered":"Franck Fouquet"},"content":{"rendered":"\t\t<div data-elementor-type=\"wp-post\" data-elementor-id=\"3550\" class=\"elementor elementor-3550\">\n\t\t\t\t<div class=\"elementor-element elementor-element-dfe6724 e-flex e-con-boxed e-con e-parent\" data-id=\"dfe6724\" data-element_type=\"container\">\n\t\t\t\t\t<div class=\"e-con-inner\">\n\t\t\t\t<div class=\"elementor-element elementor-element-da0a1f8 elementor-widget elementor-widget-text-editor\" data-id=\"da0a1f8\" data-element_type=\"widget\" data-widget_type=\"text-editor.default\">\n\t\t\t\t<div class=\"elementor-widget-container\">\n\t\t\t\t\t\t\t\t\t<p style=\"color: #000000; font-family: Verdana, Arial, Helvetica, sans-serif; font-size: 11px;\">Franck FOUQUET a un parcours des plus atypiques.<\/p><p style=\"color: #000000; font-family: Verdana, Arial, Helvetica, sans-serif; font-size: 11px;\">Cet ancien grand reporter \u00e2g\u00e9 de 52 ans a tout d\u2019abord embrass\u00e9 une carri\u00e8re juridique<br \/>qu\u2019il a bien vite quitt\u00e9 pour vivre sa passion pour le journalisme et la photographie.<\/p><p style=\"color: #000000; font-family: Verdana, Arial, Helvetica, sans-serif; font-size: 11px;\">Alternant r\u00e9guli\u00e8rement les reportages d\u2019actualit\u00e9 et les sujets animaliers et environnementaux,<br \/>Franck FOUQUET a vu ses photos publi\u00e9es dans les magazines internationaux les plus prestigieux.<\/p><p style=\"color: #000000; font-family: Verdana, Arial, Helvetica, sans-serif; font-size: 11px;\">Une de ses photos d\u2019actualit\u00e9 parue dans Time Magazine et Newsweek, illustrant la r\u00e9volution<br \/>libanaise anti-syrienne a re\u00e7u le prix de la Fondation Mac Arthur aux Etats-Unis.<\/p><p style=\"color: #000000; font-family: Verdana, Arial, Helvetica, sans-serif; font-size: 11px;\">Franck FOUQUET se consacre maintenant pleinement \u00e0 la photo de Nature car, pour lui,<br \/>la conservation de la plan\u00e8te, la prise de conscience de la fragilit\u00e9 de celle-ci et de la n\u00e9cessit\u00e9<br \/>d&#8217;\u00e9duquer les gens \u00e0 sa protection passent par l&#8217;image et sont un combat de la plus haute importance&#8230;<\/p><p style=\"color: #000000; font-family: Verdana, Arial, Helvetica, sans-serif; font-size: 11px;\">Franck FOUQUET a particip\u00e9 \u00e0 de nombreux ouvrages consacr\u00e9s \u00e0 la Nature.<br \/>Depuis 2016, il a cr\u00e9\u00e9 TAU \u00e9ditions, sa propre maison d\u2019\u00e9dition, qui publie ses derniers livres.<\/p><p style=\"color: #000000; font-family: Verdana, Arial, Helvetica, sans-serif; font-size: 11px;\">Il est membre de l\u2019Association G\u00e9niale Nature.<\/p><p style=\"color: #000000; font-family: Verdana, Arial, Helvetica, sans-serif; font-size: 11px;\"><a href=\"http:\/\/www.franckfouquet.eu\" target=\"_blank\" rel=\"noopener\">www.franckfouquet.eu<\/a><\/p><p style=\"color: #000000; font-family: Verdana, Arial, Helvetica, sans-serif; font-size: 11px;\"><a href=\"http:\/\/www.tau-editions.com\" target=\"_blank\" rel=\"noopener\">www.tau-editions.com<\/a><\/p><h3 style=\"color: #000000; font-family: Verdana, Arial, Helvetica, sans-serif; font-size: 11px;\">Th\u00e8me de pr\u00e9dilection\u00a0<\/h3><p style=\"color: #000000; font-family: Verdana, Arial, Helvetica, sans-serif; font-size: 11px;\">La photo de Nature, en g\u00e9n\u00e9ral.<\/p><p style=\"color: #000000; font-family: Verdana, Arial, Helvetica, sans-serif; font-size: 11px;\">Avec une pr\u00e9dilection particuli\u00e8re pour les pr\u00e9dateurs et pour la photo de paysage.<\/p><h3 style=\"color: #000000; font-family: Verdana, Arial, Helvetica, sans-serif; font-size: 11px;\">L\u2019endroit pr\u00e9f\u00e9r\u00e9 pour faire des images<\/h3><p style=\"color: #000000; font-family: Verdana, Arial, Helvetica, sans-serif; font-size: 11px;\">Les endroits isol\u00e9s et sauvages : tout pour s\u2019offrir un t\u00eate-\u00e0-t\u00eate avec la Nature\u2026<\/p><h3 style=\"color: #000000; font-family: Verdana, Arial, Helvetica, sans-serif; font-size: 11px;\">Une association qui me tient \u00e0 coeur<\/h3><p style=\"color: #000000; font-family: Verdana, Arial, Helvetica, sans-serif; font-size: 11px;\">L\u2019association \u00ab Un ami o\u2019Poil \u00bb, l\u2019association que ma fille, Aliz\u00e9e, jeune \u00e9tudiante v\u00e9t\u00e9rinaire, a cr\u00e9\u00e9, du haut de ses 20 ans,<br \/>pour venir en aide \u00e0 des animaux en d\u00e9tresse.<\/p><h3 style=\"color: #000000; font-family: Verdana, Arial, Helvetica, sans-serif; font-size: 11px;\">Et pour finir quelques photos\u00a0<\/h3>\t\t\t\t\t\t\t\t<\/div>\n\t\t\t\t<\/div>\n\t\t\t\t\t<\/div>\n\t\t\t\t<\/div>\n\t\t<div class=\"elementor-element elementor-element-f72cf50 e-flex e-con-boxed e-con e-parent\" data-id=\"f72cf50\" data-element_type=\"container\">\n\t\t\t\t\t<div class=\"e-con-inner\">\n\t\t\t\t<div class=\"elementor-element elementor-element-3c5d322 elementor-widget elementor-widget-yprm_gallery\" data-id=\"3c5d322\" data-element_type=\"widget\" data-settings=\"{&quot;content_hover_animation&quot;:&quot;type_2&quot;,&quot;gallery_layout&quot;:&quot;grid&quot;}\" data-widget_type=\"yprm_gallery.default\">\n\t\t\t\t<div class=\"elementor-widget-container\">\n\t\t\t\t\t        <div data-portfolio-settings=\"{&quot;gallery_layout&quot;:&quot;grid&quot;}\" id=\"project-slider-69f2ecb997228\" class=\"project-grid-page elementor-block gallery-block\">\n                            <div class=\"portfolio_hover_type_2 post-gallery-grid row popup-gallery gallery-type-grid disable-iso\">\n                    <div class=\"grid-sizer col-1\"><\/div>\n                <div class=\"portfolio-item popup-item col\">\n                    <div class=\"wrap\">\n                                                    <div class=\"a-img\" data-original=\"https:\/\/blog.colorpix.shop\/wp-content\/uploads\/2025\/05\/FF5.jpg\">\n                                <div style=\"background-image: url(https:\/\/blog.colorpix.shop\/wp-content\/uploads\/2025\/05\/FF5-683x1024.jpg)\"><\/div>\n                            <\/div>\n                        \n                        \n                        <a href=\"#\" data-popup-json=\"{&quot;image&quot;:{&quot;url&quot;:&quot;https:\\\/\\\/blog.colorpix.shop\\\/wp-content\\\/uploads\\\/2025\\\/05\\\/FF5.jpg&quot;,&quot;w&quot;:800,&quot;h&quot;:1200},&quot;post_id&quot;:3556}\"\n                            data-id=\"0\"><\/a>\n                    <\/div>\n                <\/div>\n                \n                <div class=\"portfolio-item popup-item col\">\n                    <div class=\"wrap\">\n                                                    <div class=\"a-img\" data-original=\"https:\/\/blog.colorpix.shop\/wp-content\/uploads\/2025\/05\/FF4.jpg\">\n                                <div style=\"background-image: url(https:\/\/blog.colorpix.shop\/wp-content\/uploads\/2025\/05\/FF4-683x1024.jpg)\"><\/div>\n                            <\/div>\n                        \n                        \n                        <a href=\"#\" data-popup-json=\"{&quot;image&quot;:{&quot;url&quot;:&quot;https:\\\/\\\/blog.colorpix.shop\\\/wp-content\\\/uploads\\\/2025\\\/05\\\/FF4.jpg&quot;,&quot;w&quot;:800,&quot;h&quot;:1200},&quot;post_id&quot;:3555}\"\n                            data-id=\"1\"><\/a>\n                    <\/div>\n                <\/div>\n                \n                <div class=\"portfolio-item popup-item col\">\n                    <div class=\"wrap\">\n                                                    <div class=\"a-img\" data-original=\"https:\/\/blog.colorpix.shop\/wp-content\/uploads\/2025\/05\/FF3.jpg\">\n                                <div style=\"background-image: url(https:\/\/blog.colorpix.shop\/wp-content\/uploads\/2025\/05\/FF3-1024x683.jpg)\"><\/div>\n                            <\/div>\n                        \n                        \n                        <a href=\"#\" data-popup-json=\"{&quot;image&quot;:{&quot;url&quot;:&quot;https:\\\/\\\/blog.colorpix.shop\\\/wp-content\\\/uploads\\\/2025\\\/05\\\/FF3.jpg&quot;,&quot;w&quot;:1200,&quot;h&quot;:800},&quot;post_id&quot;:3554}\"\n                            data-id=\"2\"><\/a>\n                    <\/div>\n                <\/div>\n                \n                <div class=\"portfolio-item popup-item col\">\n                    <div class=\"wrap\">\n                                                    <div class=\"a-img\" data-original=\"https:\/\/blog.colorpix.shop\/wp-content\/uploads\/2025\/05\/FF2.jpg\">\n                                <div style=\"background-image: url(https:\/\/blog.colorpix.shop\/wp-content\/uploads\/2025\/05\/FF2-1024x683.jpg)\"><\/div>\n                            <\/div>\n                        \n                        \n                        <a href=\"#\" data-popup-json=\"{&quot;image&quot;:{&quot;url&quot;:&quot;https:\\\/\\\/blog.colorpix.shop\\\/wp-content\\\/uploads\\\/2025\\\/05\\\/FF2.jpg&quot;,&quot;w&quot;:1200,&quot;h&quot;:800},&quot;post_id&quot;:3553}\"\n                            data-id=\"3\"><\/a>\n                    <\/div>\n                <\/div>\n                \n                <div class=\"portfolio-item popup-item col\">\n                    <div class=\"wrap\">\n                                                    <div class=\"a-img\" data-original=\"https:\/\/blog.colorpix.shop\/wp-content\/uploads\/2025\/05\/FF1.jpg\">\n                                <div style=\"background-image: url(https:\/\/blog.colorpix.shop\/wp-content\/uploads\/2025\/05\/FF1-1024x767.jpg)\"><\/div>\n                            <\/div>\n                        \n                        \n                        <a href=\"#\" data-popup-json=\"{&quot;image&quot;:{&quot;url&quot;:&quot;https:\\\/\\\/blog.colorpix.shop\\\/wp-content\\\/uploads\\\/2025\\\/05\\\/FF1.jpg&quot;,&quot;w&quot;:1200,&quot;h&quot;:899},&quot;post_id&quot;:3552}\"\n                            data-id=\"4\"><\/a>\n                    <\/div>\n                <\/div>\n                \n                                <\/div>\n                    <\/div>\n        \t\t\t\t<\/div>\n\t\t\t\t<\/div>\n\t\t\t\t\t<\/div>\n\t\t\t\t<\/div>\n\t\t\t\t<\/div>\n\t\t","protected":false},"excerpt":{"rendered":"<p>Franck FOUQUET a un parcours des plus atypiques. Cet ancien grand reporter \u00e2g\u00e9 de 52 ans a tout d\u2019abord embrass\u00e9 une carri\u00e8re juridiquequ\u2019il a bien vite quitt\u00e9 pour vivre sa passion pour le journalisme et la photographie. Alternant r\u00e9guli\u00e8rement les reportages d\u2019actualit\u00e9 et les sujets animaliers et environnementaux,Franck FOUQUET a vu ses photos publi\u00e9es dans [&hellip;]<\/p>\n","protected":false},"author":1,"featured_media":3557,"comment_status":"open","ping_status":"open","sticky":false,"template":"","format":"standard","meta":{"_acf_changed":false,"footnotes":""},"categories":[6],"tags":[],"class_list":["post-3550","post","type-post","status-publish","format-standard","has-post-thumbnail","hentry","category-mini-portfolio-photographes"],"acf":[],"_links":{"self":[{"href":"https:\/\/blog.colorpix.shop\/index.php?rest_route=\/wp\/v2\/posts\/3550","targetHints":{"allow":["GET"]}}],"collection":[{"href":"https:\/\/blog.colorpix.shop\/index.php?rest_route=\/wp\/v2\/posts"}],"about":[{"href":"https:\/\/blog.colorpix.shop\/index.php?rest_route=\/wp\/v2\/types\/post"}],"author":[{"embeddable":true,"href":"https:\/\/blog.colorpix.shop\/index.php?rest_route=\/wp\/v2\/users\/1"}],"replies":[{"embeddable":true,"href":"https:\/\/blog.colorpix.shop\/index.php?rest_route=%2Fwp%2Fv2%2Fcomments&post=3550"}],"version-history":[{"count":43,"href":"https:\/\/blog.colorpix.shop\/index.php?rest_route=\/wp\/v2\/posts\/3550\/revisions"}],"predecessor-version":[{"id":3599,"href":"https:\/\/blog.colorpix.shop\/index.php?rest_route=\/wp\/v2\/posts\/3550\/revisions\/3599"}],"wp:featuredmedia":[{"embeddable":true,"href":"https:\/\/blog.colorpix.shop\/index.php?rest_route=\/wp\/v2\/media\/3557"}],"wp:attachment":[{"href":"https:\/\/blog.colorpix.shop\/index.php?rest_route=%2Fwp%2Fv2%2Fmedia&parent=3550"}],"wp:term":[{"taxonomy":"category","embeddable":true,"href":"https:\/\/blog.colorpix.shop\/index.php?rest_route=%2Fwp%2Fv2%2Fcategories&post=3550"},{"taxonomy":"post_tag","embeddable":true,"href":"https:\/\/blog.colorpix.shop\/index.php?rest_route=%2Fwp%2Fv2%2Ftags&post=3550"}],"curies":[{"name":"wp","href":"https:\/\/api.w.org\/{rel}","templated":true}]}}